{"id":27735,"date":"2021-09-13T19:15:34","date_gmt":"2021-09-13T17:15:34","guid":{"rendered":"https:\/\/kurato.ch\/?p=27735"},"modified":"2022-06-26T14:15:06","modified_gmt":"2022-06-26T12:15:06","slug":"kunstrestauratorin-valerie-mueller","status":"publish","type":"post","link":"https:\/\/kurato.ch\/fr\/kunstrestauratorin-valerie-mueller\/","title":{"rendered":"Restauratrice d'art Valerie M\u00fcller"},"content":{"rendered":"\t\t<div data-elementor-type=\"wp-post\" data-elementor-id=\"27735\" class=\"elementor elementor-27735\" data-elementor-post-type=\"post\">\n\t\t\t\t\t\t<section class=\"elementor-section elementor-top-section elementor-element elementor-element-1c7fd7a elementor-section-boxed elementor-section-height-default elementor-section-height-default\" data-id=\"1c7fd7a\" data-element_type=\"section\" data-e-type=\"section\">\n\t\t\t\t\t\t<div class=\"elementor-container elementor-column-gap-default\">\n\t\t\t\t\t<div class=\"elementor-column elementor-col-100 elementor-top-column elementor-element elementor-element-abc3411\" data-id=\"abc3411\" data-element_type=\"column\" data-e-type=\"column\">\n\t\t\t<div class=\"elementor-widget-wrap elementor-element-populated\">\n\t\t\t\t\t\t<div class=\"elementor-element elementor-element-46b80be elementor-widget-divider--view-line elementor-widget elementor-widget-divider\" data-id=\"46b80be\" data-element_type=\"widget\" data-e-type=\"widget\" data-widget_type=\"divider.default\">\n\t\t\t\t<div class=\"elementor-widget-container\">\n\t\t\t\t\t\t\t<div class=\"elementor-divider\">\n\t\t\t<span class=\"elementor-divider-separator\">\n\t\t\t\t\t\t<\/span>\n\t\t<\/div>\n\t\t\t\t\t\t<\/div>\n\t\t\t\t<\/div>\n\t\t\t\t<div class=\"elementor-element elementor-element-f043a03 elementor-widget elementor-widget-text-editor\" data-id=\"f043a03\" data-element_type=\"widget\" data-e-type=\"widget\" data-widget_type=\"text-editor.default\">\n\t\t\t\t<div class=\"elementor-widget-container\">\n\t\t\t\t\t\t\t\t\t<p style=\"text-align: justify;\">Die 31-j\u00e4hrige Wahl-Hamburgerin hat gemeinsam mit Ihrem Partner 2019 eine alte Hamburger Restaurierungswerkstatt f\u00fcr Kunst \u00fcbernommen. Valerie gew\u00e4hrt uns Einblicke in ihren Berufsalltag und gibt wertvolle Tipps f\u00fcr alle, die gerne Kunst kaufen m\u00f6chten oder bereits sammeln. Sie \u00f6ffnet uns die T\u00fcren zu Ihrer traumhaften Altbauwohnung im Herzen Hamburgs &#8211; und wie nicht anders zu erwarten, zieren eine Vielzahl an Gem\u00e4lden und Malereien ihre W\u00e4nde.\u00a0<\/p>\t\t\t\t\t\t\t\t<\/div>\n\t\t\t\t<\/div>\n\t\t\t\t\t<\/div>\n\t\t<\/div>\n\t\t\t\t\t<\/div>\n\t\t<\/section>\n\t\t\t\t<section class=\"elementor-section elementor-top-section elementor-element elementor-element-aaf1bfe elementor-section-boxed elementor-section-height-default elementor-section-height-default\" data-id=\"aaf1bfe\" data-element_type=\"section\" data-e-type=\"section\">\n\t\t\t\t\t\t<div class=\"elementor-container elementor-column-gap-default\">\n\t\t\t\t\t<div class=\"elementor-column elementor-col-50 elementor-top-column elementor-element elementor-element-d6e763a\" data-id=\"d6e763a\" data-element_type=\"column\" data-e-type=\"column\">\n\t\t\t<div class=\"elementor-widget-wrap elementor-element-populated\">\n\t\t\t\t\t\t<div class=\"elementor-element elementor-element-6b16bc2 elementor-widget elementor-widget-heading\" data-id=\"6b16bc2\" data-element_type=\"widget\" data-e-type=\"widget\" data-widget_type=\"heading.default\">\n\t\t\t\t<div class=\"elementor-widget-container\">\n\t\t\t\t\t<h3 class=\"elementor-heading-title elementor-size-default\">Valerie, magst Du Dich kurz vorstellen?m<\/h3>\t\t\t\t<\/div>\n\t\t\t\t<\/div>\n\t\t\t\t<section class=\"elementor-section elementor-inner-section elementor-element elementor-element-f7a8b49 elementor-section-boxed elementor-section-height-default elementor-section-height-default\" data-id=\"f7a8b49\" data-element_type=\"section\" data-e-type=\"section\">\n\t\t\t\t\t\t<div class=\"elementor-container elementor-column-gap-default\">\n\t\t\t\t\t<div class=\"elementor-column elementor-col-50 elementor-inner-column elementor-element elementor-element-61aecdf\" data-id=\"61aecdf\" data-element_type=\"column\" data-e-type=\"column\">\n\t\t\t<div class=\"elementor-widget-wrap elementor-element-populated\">\n\t\t\t\t\t\t<div class=\"elementor-element elementor-element-a793486 elementor-widget elementor-widget-heading\" data-id=\"a793486\" data-element_type=\"widget\" data-e-type=\"widget\" data-widget_type=\"heading.default\">\n\t\t\t\t<div class=\"elementor-widget-container\">\n\t\t\t\t\t<h4 class=\"elementor-heading-title elementor-size-default\">Valerie<\/h4>\t\t\t\t<\/div>\n\t\t\t\t<\/div>\n\t\t\t\t<div class=\"elementor-element elementor-element-4ec5551 elementor-widget-divider--view-line elementor-widget elementor-widget-divider\" data-id=\"4ec5551\" data-element_type=\"widget\" data-e-type=\"widget\" data-widget_type=\"divider.default\">\n\t\t\t\t<div class=\"elementor-widget-container\">\n\t\t\t\t\t\t\t<div class=\"elementor-divider\">\n\t\t\t<span class=\"elementor-divider-separator\">\n\t\t\t\t\t\t<\/span>\n\t\t<\/div>\n\t\t\t\t\t\t<\/div>\n\t\t\t\t<\/div>\n\t\t\t\t\t<\/div>\n\t\t<\/div>\n\t\t\t\t<div class=\"elementor-column elementor-col-50 elementor-inner-column elementor-element elementor-element-c231385\" data-id=\"c231385\" data-element_type=\"column\" data-e-type=\"column\">\n\t\t\t<div class=\"elementor-widget-wrap elementor-element-populated\">\n\t\t\t\t\t\t<div class=\"elementor-element elementor-element-2a34ad4 elementor-widget elementor-widget-text-editor\" data-id=\"2a34ad4\" data-element_type=\"widget\" data-e-type=\"widget\" data-widget_type=\"text-editor.default\">\n\t\t\t\t<div class=\"elementor-widget-container\">\n\t\t\t\t\t\t\t\t\t<p class=\"p1\">Ich bin Valerie M\u00fcller, 31 Jahre alt und Diplomrestauratorin f\u00fcr Gem\u00e4lde und Skulpturen. Als geb\u00fcrtige Schw\u00e4bin, bin ich vor drei Jahren nach Hamburg gezogen um gemeinsam mit meinem Partner Georg Ihlenfeld ein Restaurierungsatelier zu gr\u00fcnden.<\/p>\t\t\t\t\t\t\t\t<\/div>\n\t\t\t\t<\/div>\n\t\t\t\t\t<\/div>\n\t\t<\/div>\n\t\t\t\t\t<\/div>\n\t\t<\/section>\n\t\t\t\t<div class=\"elementor-element elementor-element-3d5ea7a elementor-widget elementor-widget-heading\" data-id=\"3d5ea7a\" data-element_type=\"widget\" data-e-type=\"widget\" data-widget_type=\"heading.default\">\n\t\t\t\t<div class=\"elementor-widget-container\">\n\t\t\t\t\t<h3 class=\"elementor-heading-title elementor-size-default\">Was gef\u00e4llt Dir an deinem Alltag als Kunstrestauratorin besonders gut?<\/h3>\t\t\t\t<\/div>\n\t\t\t\t<\/div>\n\t\t\t\t<section class=\"elementor-section elementor-inner-section elementor-element elementor-element-13b0020 elementor-section-boxed elementor-section-height-default elementor-section-height-default\" data-id=\"13b0020\" data-element_type=\"section\" data-e-type=\"section\">\n\t\t\t\t\t\t<div class=\"elementor-container elementor-column-gap-default\">\n\t\t\t\t\t<div class=\"elementor-column elementor-col-50 elementor-inner-column elementor-element elementor-element-867a435\" data-id=\"867a435\" data-element_type=\"column\" data-e-type=\"column\">\n\t\t\t<div class=\"elementor-widget-wrap elementor-element-populated\">\n\t\t\t\t\t\t<div class=\"elementor-element elementor-element-84a9d62 elementor-widget elementor-widget-heading\" data-id=\"84a9d62\" data-element_type=\"widget\" data-e-type=\"widget\" data-widget_type=\"heading.default\">\n\t\t\t\t<div class=\"elementor-widget-container\">\n\t\t\t\t\t<h4 class=\"elementor-heading-title elementor-size-default\">Valerie<\/h4>\t\t\t\t<\/div>\n\t\t\t\t<\/div>\n\t\t\t\t<div class=\"elementor-element elementor-element-03114c0 elementor-widget-divider--view-line elementor-widget elementor-widget-divider\" data-id=\"03114c0\" data-element_type=\"widget\" data-e-type=\"widget\" data-widget_type=\"divider.default\">\n\t\t\t\t<div class=\"elementor-widget-container\">\n\t\t\t\t\t\t\t<div class=\"elementor-divider\">\n\t\t\t<span class=\"elementor-divider-separator\">\n\t\t\t\t\t\t<\/span>\n\t\t<\/div>\n\t\t\t\t\t\t<\/div>\n\t\t\t\t<\/div>\n\t\t\t\t\t<\/div>\n\t\t<\/div>\n\t\t\t\t<div class=\"elementor-column elementor-col-50 elementor-inner-column elementor-element elementor-element-c7044a8\" data-id=\"c7044a8\" data-element_type=\"column\" data-e-type=\"column\">\n\t\t\t<div class=\"elementor-widget-wrap elementor-element-populated\">\n\t\t\t\t\t\t<div class=\"elementor-element elementor-element-a33208c elementor-widget elementor-widget-text-editor\" data-id=\"a33208c\" data-element_type=\"widget\" data-e-type=\"widget\" data-widget_type=\"text-editor.default\">\n\t\t\t\t<div class=\"elementor-widget-container\">\n\t\t\t\t\t\t\t\t\t<p class=\"p1\">Wir besch\u00e4ftigen uns viel mit der Materialit\u00e4t der Kunstwerke und sind immer ganz nah dran. Das Wissen, mit kulturell wertvollen Unikaten zu arbeiten und zum Erhalt dieser Objekte beizutragen finde ich nach wie vor \u00fcberw\u00e4ltigend.<\/p>\t\t\t\t\t\t\t\t<\/div>\n\t\t\t\t<\/div>\n\t\t\t\t\t<\/div>\n\t\t<\/div>\n\t\t\t\t\t<\/div>\n\t\t<\/section>\n\t\t\t\t\t<\/div>\n\t\t<\/div>\n\t\t\t\t<div class=\"elementor-column elementor-col-50 elementor-top-column elementor-element elementor-element-cb72115\" data-id=\"cb72115\" data-element_type=\"column\" data-e-type=\"column\" data-settings=\"{&quot;background_background&quot;:&quot;classic&quot;}\">\n\t\t\t<div class=\"elementor-widget-wrap elementor-element-populated\">\n\t\t\t\t\t\t<div class=\"elementor-element elementor-element-57e0027 elementor-widget elementor-widget-image\" data-id=\"57e0027\" data-element_type=\"widget\" data-e-type=\"widget\" data-widget_type=\"image.default\">\n\t\t\t\t<div class=\"elementor-widget-container\">\n\t\t\t\t\t\t\t\t\t\t\t\t\t\t\t<img fetchpriority=\"high\" decoding=\"async\" width=\"1024\" height=\"683\" src=\"https:\/\/kurato.ch\/wp-content\/uploads\/2021\/09\/gemaelde-kunst-restauration-mu\u0308ller-ihlenfeld-3-1024x683.jpg\" class=\"attachment-large size-large wp-image-23410\" alt=\"gemaelde kunst restauration mu\u0308ller ihlenfeld - 3\" srcset=\"https:\/\/kurato.ch\/wp-content\/uploads\/2021\/09\/gemaelde-kunst-restauration-mu\u0308ller-ihlenfeld-3-1024x683.jpg 1024w, https:\/\/kurato.ch\/wp-content\/uploads\/2021\/09\/gemaelde-kunst-restauration-mu\u0308ller-ihlenfeld-3-300x200.jpg 300w, https:\/\/kurato.ch\/wp-content\/uploads\/2021\/09\/gemaelde-kunst-restauration-mu\u0308ller-ihlenfeld-3-768x512.jpg 768w, https:\/\/kurato.ch\/wp-content\/uploads\/2021\/09\/gemaelde-kunst-restauration-mu\u0308ller-ihlenfeld-3-500x333.jpg 500w, https:\/\/kurato.ch\/wp-content\/uploads\/2021\/09\/gemaelde-kunst-restauration-mu\u0308ller-ihlenfeld-3-64x43.jpg 64w, https:\/\/kurato.ch\/wp-content\/uploads\/2021\/09\/gemaelde-kunst-restauration-mu\u0308ller-ihlenfeld-3.jpg 1200w\" sizes=\"(max-width: 1024px) 100vw, 1024px\" \/>\t\t\t\t\t\t\t\t\t\t\t\t\t\t\t<\/div>\n\t\t\t\t<\/div>\n\t\t\t\t\t<\/div>\n\t\t<\/div>\n\t\t\t\t\t<\/div>\n\t\t<\/section>\n\t\t\t\t<section class=\"elementor-section elementor-top-section elementor-element elementor-element-a458c87 elementor-section-boxed elementor-section-height-default elementor-section-height-default\" data-id=\"a458c87\" data-element_type=\"section\" data-e-type=\"section\">\n\t\t\t\t\t\t<div class=\"elementor-container elementor-column-gap-default\">\n\t\t\t\t\t<div class=\"elementor-column elementor-col-50 elementor-top-column elementor-element elementor-element-af5b6dc\" data-id=\"af5b6dc\" data-element_type=\"column\" data-e-type=\"column\" data-settings=\"{&quot;background_background&quot;:&quot;classic&quot;}\">\n\t\t\t<div class=\"elementor-widget-wrap elementor-element-populated\">\n\t\t\t\t\t\t<div class=\"elementor-element elementor-element-d1aaadb elementor-widget elementor-widget-image\" data-id=\"d1aaadb\" data-element_type=\"widget\" data-e-type=\"widget\" data-widget_type=\"image.default\">\n\t\t\t\t<div class=\"elementor-widget-container\">\n\t\t\t\t\t\t\t\t\t\t\t\t\t\t\t<img decoding=\"async\" width=\"722\" height=\"1024\" src=\"https:\/\/kurato.ch\/wp-content\/uploads\/2021\/11\/20210919_135944-722x1024.jpg\" class=\"attachment-large size-large wp-image-27767\" alt=\"\" srcset=\"https:\/\/kurato.ch\/wp-content\/uploads\/2021\/11\/20210919_135944-722x1024.jpg 722w, https:\/\/kurato.ch\/wp-content\/uploads\/2021\/11\/20210919_135944-212x300.jpg 212w, https:\/\/kurato.ch\/wp-content\/uploads\/2021\/11\/20210919_135944-768x1089.jpg 768w, https:\/\/kurato.ch\/wp-content\/uploads\/2021\/11\/20210919_135944-1084x1536.jpg 1084w, https:\/\/kurato.ch\/wp-content\/uploads\/2021\/11\/20210919_135944-500x709.jpg 500w, https:\/\/kurato.ch\/wp-content\/uploads\/2021\/11\/20210919_135944-64x91.jpg 64w, https:\/\/kurato.ch\/wp-content\/uploads\/2021\/11\/20210919_135944.jpg 1200w\" sizes=\"(max-width: 722px) 100vw, 722px\" \/>\t\t\t\t\t\t\t\t\t\t\t\t\t\t\t<\/div>\n\t\t\t\t<\/div>\n\t\t\t\t\t<\/div>\n\t\t<\/div>\n\t\t\t\t<div class=\"elementor-column elementor-col-50 elementor-top-column elementor-element elementor-element-514c705\" data-id=\"514c705\" data-element_type=\"column\" data-e-type=\"column\">\n\t\t\t<div class=\"elementor-widget-wrap elementor-element-populated\">\n\t\t\t\t\t\t<div class=\"elementor-element elementor-element-8599f20 elementor-widget elementor-widget-heading\" data-id=\"8599f20\" data-element_type=\"widget\" data-e-type=\"widget\" data-widget_type=\"heading.default\">\n\t\t\t\t<div class=\"elementor-widget-container\">\n\t\t\t\t\t<h3 class=\"elementor-heading-title elementor-size-default\">Euer Interesse an Kunst zeigt sich auch bei Euch zu Hause. Wie w\u00fcrdest Du Euren privaten Kunst-Stil beschreiben?<\/h3>\t\t\t\t<\/div>\n\t\t\t\t<\/div>\n\t\t\t\t<section class=\"elementor-section elementor-inner-section elementor-element elementor-element-495bb13 elementor-section-boxed elementor-section-height-default elementor-section-height-default\" data-id=\"495bb13\" data-element_type=\"section\" data-e-type=\"section\">\n\t\t\t\t\t\t<div class=\"elementor-container elementor-column-gap-default\">\n\t\t\t\t\t<div class=\"elementor-column elementor-col-50 elementor-inner-column elementor-element elementor-element-7b84756\" data-id=\"7b84756\" data-element_type=\"column\" data-e-type=\"column\">\n\t\t\t<div class=\"elementor-widget-wrap elementor-element-populated\">\n\t\t\t\t\t\t<div class=\"elementor-element elementor-element-e11b93a elementor-widget elementor-widget-heading\" data-id=\"e11b93a\" data-element_type=\"widget\" data-e-type=\"widget\" data-widget_type=\"heading.default\">\n\t\t\t\t<div class=\"elementor-widget-container\">\n\t\t\t\t\t<h4 class=\"elementor-heading-title elementor-size-default\">Valerie<\/h4>\t\t\t\t<\/div>\n\t\t\t\t<\/div>\n\t\t\t\t<div class=\"elementor-element elementor-element-fad2a8c elementor-widget-divider--view-line elementor-widget elementor-widget-divider\" data-id=\"fad2a8c\" data-element_type=\"widget\" data-e-type=\"widget\" data-widget_type=\"divider.default\">\n\t\t\t\t<div class=\"elementor-widget-container\">\n\t\t\t\t\t\t\t<div class=\"elementor-divider\">\n\t\t\t<span class=\"elementor-divider-separator\">\n\t\t\t\t\t\t<\/span>\n\t\t<\/div>\n\t\t\t\t\t\t<\/div>\n\t\t\t\t<\/div>\n\t\t\t\t\t<\/div>\n\t\t<\/div>\n\t\t\t\t<div class=\"elementor-column elementor-col-50 elementor-inner-column elementor-element elementor-element-907ec11\" data-id=\"907ec11\" data-element_type=\"column\" data-e-type=\"column\">\n\t\t\t<div class=\"elementor-widget-wrap elementor-element-populated\">\n\t\t\t\t\t\t<div class=\"elementor-element elementor-element-fb96192 elementor-widget elementor-widget-text-editor\" data-id=\"fb96192\" data-element_type=\"widget\" data-e-type=\"widget\" data-widget_type=\"text-editor.default\">\n\t\t\t\t<div class=\"elementor-widget-container\">\n\t\t\t\t\t\t\t\t\t<p class=\"p1\">Besonders gefallen uns Gem\u00e4lde aus der Zeit des fr\u00fchen 20. Jahrhunderts. Sie brauchen keine prunkvoll vergoldeten Rahmen und bringen das Gef\u00fchl von Leichtigkeit und Licht in die R\u00e4ume. Wir kombinieren am liebsten Portr\u00e4ts und Landschaftsansichten mit Antiquit\u00e4ten genauso wie mit Design-Klassikern und modernen M\u00f6belst\u00fccken. Vor kurzem haben wir eine dezente Farbe an die W\u00e4nde gebracht, die die Gem\u00e4lde noch sch\u00f6ner zum Leuchten bringt. Weisse W\u00e4nde bilden oft einen zu harten Kontrast.<\/p>\t\t\t\t\t\t\t\t<\/div>\n\t\t\t\t<\/div>\n\t\t\t\t\t<\/div>\n\t\t<\/div>\n\t\t\t\t\t<\/div>\n\t\t<\/section>\n\t\t\t\t<div class=\"elementor-element elementor-element-e1f9231 elementor-widget elementor-widget-heading\" data-id=\"e1f9231\" data-element_type=\"widget\" data-e-type=\"widget\" data-widget_type=\"heading.default\">\n\t\t\t\t<div class=\"elementor-widget-container\">\n\t\t\t\t\t<h3 class=\"elementor-heading-title elementor-size-default\">Was w\u00fcrdest Du jemandem empfehlen, der gerne Kunst kaufen will aber keine Ahnung hat, wo er anfangen soll?<\/h3>\t\t\t\t<\/div>\n\t\t\t\t<\/div>\n\t\t\t\t<section class=\"elementor-section elementor-inner-section elementor-element elementor-element-37a1965 elementor-section-boxed elementor-section-height-default elementor-section-height-default\" data-id=\"37a1965\" data-element_type=\"section\" data-e-type=\"section\">\n\t\t\t\t\t\t<div class=\"elementor-container elementor-column-gap-default\">\n\t\t\t\t\t<div class=\"elementor-column elementor-col-50 elementor-inner-column elementor-element elementor-element-870e58a\" data-id=\"870e58a\" data-element_type=\"column\" data-e-type=\"column\">\n\t\t\t<div class=\"elementor-widget-wrap elementor-element-populated\">\n\t\t\t\t\t\t<div class=\"elementor-element elementor-element-4d5759f elementor-widget elementor-widget-heading\" data-id=\"4d5759f\" data-element_type=\"widget\" data-e-type=\"widget\" data-widget_type=\"heading.default\">\n\t\t\t\t<div class=\"elementor-widget-container\">\n\t\t\t\t\t<h4 class=\"elementor-heading-title elementor-size-default\">Valerie<\/h4>\t\t\t\t<\/div>\n\t\t\t\t<\/div>\n\t\t\t\t<div class=\"elementor-element elementor-element-6dfbdf4 elementor-widget-divider--view-line elementor-widget elementor-widget-divider\" data-id=\"6dfbdf4\" data-element_type=\"widget\" data-e-type=\"widget\" data-widget_type=\"divider.default\">\n\t\t\t\t<div class=\"elementor-widget-container\">\n\t\t\t\t\t\t\t<div class=\"elementor-divider\">\n\t\t\t<span class=\"elementor-divider-separator\">\n\t\t\t\t\t\t<\/span>\n\t\t<\/div>\n\t\t\t\t\t\t<\/div>\n\t\t\t\t<\/div>\n\t\t\t\t\t<\/div>\n\t\t<\/div>\n\t\t\t\t<div class=\"elementor-column elementor-col-50 elementor-inner-column elementor-element elementor-element-b62fa72\" data-id=\"b62fa72\" data-element_type=\"column\" data-e-type=\"column\">\n\t\t\t<div class=\"elementor-widget-wrap elementor-element-populated\">\n\t\t\t\t\t\t<div class=\"elementor-element elementor-element-bd1c02c elementor-widget elementor-widget-text-editor\" data-id=\"bd1c02c\" data-element_type=\"widget\" data-e-type=\"widget\" data-widget_type=\"text-editor.default\">\n\t\t\t\t<div class=\"elementor-widget-container\">\n\t\t\t\t\t\t\t\t\t<p class=\"p1\">Einen eigenen Stil bei Kunstk\u00e4ufen zu finden ist schwer, wenn man sich wenig auskennt. Zu Beginn lohnt es sich, nicht ausschliesslich online zu suchen, sondern sich bei H\u00e4ndlern:innen oder Galerien Bilder vor Ort anzusehen, um ein Gef\u00fchl daf\u00fcr zu bekommen, was einen anspricht. Kunstgeschmack ist sehr subjektiv. Man sollte sich zun\u00e4chst nicht von eventuellen Wertentwicklungen oder der Meinung anderer beeinflussen lassen. Wichtig ist es, einfach anzufangen, etwas zu wagen und auszuprobieren. Dann merkt man schnell, dass originale Kunstobjekte durch ihre Einzigartigkeit bestechen und in ihrer Pr\u00e4senz niemals durch ein Poster oder \u00c4hnliches ersetzt werden k\u00f6nnen. Richtig ausgew\u00e4hlt wird Kunst jede Einrichtung aufwerten und ist in keiner Weise altmodisch.<\/p>\t\t\t\t\t\t\t\t<\/div>\n\t\t\t\t<\/div>\n\t\t\t\t\t<\/div>\n\t\t<\/div>\n\t\t\t\t\t<\/div>\n\t\t<\/section>\n\t\t\t\t\t<\/div>\n\t\t<\/div>\n\t\t\t\t\t<\/div>\n\t\t<\/section>\n\t\t\t\t<section class=\"elementor-section elementor-top-section elementor-element elementor-element-b51fff5 elementor-section-boxed elementor-section-height-default elementor-section-height-default\" data-id=\"b51fff5\" data-element_type=\"section\" data-e-type=\"section\">\n\t\t\t\t\t\t<div class=\"elementor-container elementor-column-gap-default\">\n\t\t\t\t\t<div class=\"elementor-column elementor-col-100 elementor-top-column elementor-element elementor-element-9d38e7e\" data-id=\"9d38e7e\" data-element_type=\"column\" data-e-type=\"column\">\n\t\t\t<div class=\"elementor-widget-wrap elementor-element-populated\">\n\t\t\t\t\t\t<div class=\"elementor-element elementor-element-349a4e3 elementor-widget elementor-widget-image\" data-id=\"349a4e3\" data-element_type=\"widget\" data-e-type=\"widget\" data-widget_type=\"image.default\">\n\t\t\t\t<div class=\"elementor-widget-container\">\n\t\t\t\t\t\t\t\t\t\t\t\t\t\t\t<img decoding=\"async\" width=\"1024\" height=\"603\" src=\"https:\/\/kurato.ch\/wp-content\/uploads\/2021\/11\/20210919_134815-1024x603.jpg\" class=\"attachment-large size-large wp-image-27766\" alt=\"\" srcset=\"https:\/\/kurato.ch\/wp-content\/uploads\/2021\/11\/20210919_134815-1024x603.jpg 1024w, https:\/\/kurato.ch\/wp-content\/uploads\/2021\/11\/20210919_134815-300x177.jpg 300w, https:\/\/kurato.ch\/wp-content\/uploads\/2021\/11\/20210919_134815-768x452.jpg 768w, https:\/\/kurato.ch\/wp-content\/uploads\/2021\/11\/20210919_134815-500x295.jpg 500w, https:\/\/kurato.ch\/wp-content\/uploads\/2021\/11\/20210919_134815-64x38.jpg 64w, https:\/\/kurato.ch\/wp-content\/uploads\/2021\/11\/20210919_134815.jpg 1200w\" sizes=\"(max-width: 1024px) 100vw, 1024px\" \/>\t\t\t\t\t\t\t\t\t\t\t\t\t\t\t<\/div>\n\t\t\t\t<\/div>\n\t\t\t\t\t<\/div>\n\t\t<\/div>\n\t\t\t\t\t<\/div>\n\t\t<\/section>\n\t\t\t\t<section class=\"elementor-section elementor-top-section elementor-element elementor-element-510c642 elementor-section-boxed elementor-section-height-default elementor-section-height-default\" data-id=\"510c642\" data-element_type=\"section\" data-e-type=\"section\">\n\t\t\t\t\t\t<div class=\"elementor-container elementor-column-gap-default\">\n\t\t\t\t\t<div class=\"elementor-column elementor-col-50 elementor-top-column elementor-element elementor-element-ff7ccfb\" data-id=\"ff7ccfb\" data-element_type=\"column\" data-e-type=\"column\">\n\t\t\t<div class=\"elementor-widget-wrap elementor-element-populated\">\n\t\t\t\t\t\t<div class=\"elementor-element elementor-element-b0deb23 elementor-widget elementor-widget-heading\" data-id=\"b0deb23\" data-element_type=\"widget\" data-e-type=\"widget\" data-widget_type=\"heading.default\">\n\t\t\t\t<div class=\"elementor-widget-container\">\n\t\t\t\t\t<h3 class=\"elementor-heading-title elementor-size-default\">Nun hat man ein Kunstwerk gekauft. War es das oder braucht es eine spezielle Pflege?<\/h3>\t\t\t\t<\/div>\n\t\t\t\t<\/div>\n\t\t\t\t<section class=\"elementor-section elementor-inner-section elementor-element elementor-element-cb2bd10 elementor-section-boxed elementor-section-height-default elementor-section-height-default\" data-id=\"cb2bd10\" data-element_type=\"section\" data-e-type=\"section\">\n\t\t\t\t\t\t<div class=\"elementor-container elementor-column-gap-default\">\n\t\t\t\t\t<div class=\"elementor-column elementor-col-50 elementor-inner-column elementor-element elementor-element-7fcc9e0\" data-id=\"7fcc9e0\" data-element_type=\"column\" data-e-type=\"column\">\n\t\t\t<div class=\"elementor-widget-wrap elementor-element-populated\">\n\t\t\t\t\t\t<div class=\"elementor-element elementor-element-8285166 elementor-widget elementor-widget-heading\" data-id=\"8285166\" data-element_type=\"widget\" data-e-type=\"widget\" data-widget_type=\"heading.default\">\n\t\t\t\t<div class=\"elementor-widget-container\">\n\t\t\t\t\t<h4 class=\"elementor-heading-title elementor-size-default\">Valerie<\/h4>\t\t\t\t<\/div>\n\t\t\t\t<\/div>\n\t\t\t\t<div class=\"elementor-element elementor-element-0c876fe elementor-widget-divider--view-line elementor-widget elementor-widget-divider\" data-id=\"0c876fe\" data-element_type=\"widget\" data-e-type=\"widget\" data-widget_type=\"divider.default\">\n\t\t\t\t<div class=\"elementor-widget-container\">\n\t\t\t\t\t\t\t<div class=\"elementor-divider\">\n\t\t\t<span class=\"elementor-divider-separator\">\n\t\t\t\t\t\t<\/span>\n\t\t<\/div>\n\t\t\t\t\t\t<\/div>\n\t\t\t\t<\/div>\n\t\t\t\t\t<\/div>\n\t\t<\/div>\n\t\t\t\t<div class=\"elementor-column elementor-col-50 elementor-inner-column elementor-element elementor-element-9b2bea2\" data-id=\"9b2bea2\" data-element_type=\"column\" data-e-type=\"column\">\n\t\t\t<div class=\"elementor-widget-wrap elementor-element-populated\">\n\t\t\t\t\t\t<div class=\"elementor-element elementor-element-d7f5b08 elementor-widget elementor-widget-text-editor\" data-id=\"d7f5b08\" data-element_type=\"widget\" data-e-type=\"widget\" data-widget_type=\"text-editor.default\">\n\t\t\t\t<div class=\"elementor-widget-container\">\n\t\t\t\t\t\t\t\t\t<p class=\"p1\">Kunstgegenst\u00e4nde sollten prinzipiell mit grosser Umsicht behandelt werden. Man sollte versuchen, m\u00f6glichst sichere Standorte in der Wohnung zu finden und Gem\u00e4lde zum Beispiel nicht dauerhaft direktem Sonnenlicht auszusetzen. Auch in Badezimmer und K\u00fcche sollten keine empfindlichen Kunstwerke untergebracht werden, da hohe und stark schwankende Luftfeuchtigkeit Sch\u00e4den anrichten kann. Abstauben kann man Bilderrahmen mit einem sehr weichen Pinsel oder einem trockenen Mikrofasertuch. Gem\u00e4lde sollten niemals direkt mit einem Staubsauger abgesaugt werden, dabei entstehen h\u00e4ufig Sch\u00e4den. Bei Gem\u00e4lden lohnt es sich au\u00dferdem, die Stabilit\u00e4t der Einrahmung und der Aufh\u00e4ngung zu \u00fcberpr\u00fcfen.<\/p>\t\t\t\t\t\t\t\t<\/div>\n\t\t\t\t<\/div>\n\t\t\t\t\t<\/div>\n\t\t<\/div>\n\t\t\t\t\t<\/div>\n\t\t<\/section>\n\t\t\t\t<div class=\"elementor-element elementor-element-37fe9cf elementor-widget elementor-widget-heading\" data-id=\"37fe9cf\" data-element_type=\"widget\" data-e-type=\"widget\" data-widget_type=\"heading.default\">\n\t\t\t\t<div class=\"elementor-widget-container\">\n\t\t\t\t\t<h3 class=\"elementor-heading-title elementor-size-default\">Das ist ein gutes Stichwort! Wie h\u00e4nge ich mein Kunstwerk eigentlich am besten auf?<\/h3>\t\t\t\t<\/div>\n\t\t\t\t<\/div>\n\t\t\t\t<section class=\"elementor-section elementor-inner-section elementor-element elementor-element-9bb38ef elementor-section-boxed elementor-section-height-default elementor-section-height-default\" data-id=\"9bb38ef\" data-element_type=\"section\" data-e-type=\"section\">\n\t\t\t\t\t\t<div class=\"elementor-container elementor-column-gap-default\">\n\t\t\t\t\t<div class=\"elementor-column elementor-col-50 elementor-inner-column elementor-element elementor-element-2b8d870\" data-id=\"2b8d870\" data-element_type=\"column\" data-e-type=\"column\">\n\t\t\t<div class=\"elementor-widget-wrap elementor-element-populated\">\n\t\t\t\t\t\t<div class=\"elementor-element elementor-element-52bb0bc elementor-widget elementor-widget-heading\" data-id=\"52bb0bc\" data-element_type=\"widget\" data-e-type=\"widget\" data-widget_type=\"heading.default\">\n\t\t\t\t<div class=\"elementor-widget-container\">\n\t\t\t\t\t<h4 class=\"elementor-heading-title elementor-size-default\">Valerie<\/h4>\t\t\t\t<\/div>\n\t\t\t\t<\/div>\n\t\t\t\t<div class=\"elementor-element elementor-element-db05994 elementor-widget-divider--view-line elementor-widget elementor-widget-divider\" data-id=\"db05994\" data-element_type=\"widget\" data-e-type=\"widget\" data-widget_type=\"divider.default\">\n\t\t\t\t<div class=\"elementor-widget-container\">\n\t\t\t\t\t\t\t<div class=\"elementor-divider\">\n\t\t\t<span class=\"elementor-divider-separator\">\n\t\t\t\t\t\t<\/span>\n\t\t<\/div>\n\t\t\t\t\t\t<\/div>\n\t\t\t\t<\/div>\n\t\t\t\t\t<\/div>\n\t\t<\/div>\n\t\t\t\t<div class=\"elementor-column elementor-col-50 elementor-inner-column elementor-element elementor-element-a5d80c5\" data-id=\"a5d80c5\" data-element_type=\"column\" data-e-type=\"column\">\n\t\t\t<div class=\"elementor-widget-wrap elementor-element-populated\">\n\t\t\t\t\t\t<div class=\"elementor-element elementor-element-6f444e2 elementor-widget elementor-widget-text-editor\" data-id=\"6f444e2\" data-element_type=\"widget\" data-e-type=\"widget\" data-widget_type=\"text-editor.default\">\n\t\t\t\t<div class=\"elementor-widget-container\">\n\t\t\t\t\t\t\t\t\t<p class=\"p1\">Wie gesagt, ist es besonders wichtig, dass die Aufh\u00e4ngung stabil ist. Alte Kordeln aus Naturfasern, zum Beispiel, verlieren mit der Zeit ihre Reissfestigkeit und sollten ausgetauscht werden, etwa gegen moderne Stahldr\u00e4hte. Als Kunstrestauratorin weiss ich, dass die Sch\u00e4den h\u00e4ufig aber nicht durch eine schlechte Aufh\u00e4ngung, sondern bei Umz\u00fcgen und Transporten verursacht werden. Hier ist es also wichtig, dass die Kunstobjekte sicher verpackt und verstaut werden. Gem\u00e4lde k\u00f6nnten zum Beispiel in Luftpolsterfolie verpackt und in ausgepolsterten Kartons transportiert werden. Sollten einmal Sch\u00e4den entstanden sein ist es ratsam, nicht selbst Hand anzulegen sondern sich von einem qualifizierten Restaurator:in beraten zu lassen. Diese findet man zum Beispiel \u00fcber den <span style=\"text-decoration: underline;\"><a href=\"https:\/\/www.restaurierung.swiss\/de\/\" target=\"_blank\" rel=\"noopener\">Schweizerischen Verband f\u00fcr Konservierung und Restaurierung<\/a><\/span> oder den <span style=\"text-decoration: underline;\"><a href=\"https:\/\/www.restauratoren.de\/\" target=\"_blank\" rel=\"noopener\">Deutschen Restauratorenverband<\/a><\/span>.<\/p>\t\t\t\t\t\t\t\t<\/div>\n\t\t\t\t<\/div>\n\t\t\t\t\t<\/div>\n\t\t<\/div>\n\t\t\t\t\t<\/div>\n\t\t<\/section>\n\t\t\t\t\t<\/div>\n\t\t<\/div>\n\t\t\t\t<div class=\"elementor-column elementor-col-50 elementor-top-column elementor-element elementor-element-5c365b2\" data-id=\"5c365b2\" data-element_type=\"column\" data-e-type=\"column\" data-settings=\"{&quot;background_background&quot;:&quot;classic&quot;}\">\n\t\t\t<div class=\"elementor-widget-wrap elementor-element-populated\">\n\t\t\t\t\t\t<div class=\"elementor-element elementor-element-e1a677a elementor-widget elementor-widget-image\" data-id=\"e1a677a\" data-element_type=\"widget\" data-e-type=\"widget\" data-widget_type=\"image.default\">\n\t\t\t\t<div class=\"elementor-widget-container\">\n\t\t\t\t\t\t\t\t\t\t\t\t\t\t\t<img loading=\"lazy\" decoding=\"async\" width=\"829\" height=\"1024\" src=\"https:\/\/kurato.ch\/wp-content\/uploads\/2021\/11\/20210919_135646-829x1024.jpg\" class=\"attachment-large size-large wp-image-27768\" alt=\"\" srcset=\"https:\/\/kurato.ch\/wp-content\/uploads\/2021\/11\/20210919_135646-829x1024.jpg 829w, https:\/\/kurato.ch\/wp-content\/uploads\/2021\/11\/20210919_135646-243x300.jpg 243w, https:\/\/kurato.ch\/wp-content\/uploads\/2021\/11\/20210919_135646-768x949.jpg 768w, https:\/\/kurato.ch\/wp-content\/uploads\/2021\/11\/20210919_135646-500x618.jpg 500w, https:\/\/kurato.ch\/wp-content\/uploads\/2021\/11\/20210919_135646-64x79.jpg 64w, https:\/\/kurato.ch\/wp-content\/uploads\/2021\/11\/20210919_135646.jpg 1200w\" sizes=\"(max-width: 829px) 100vw, 829px\" \/>\t\t\t\t\t\t\t\t\t\t\t\t\t\t\t<\/div>\n\t\t\t\t<\/div>\n\t\t\t\t<div class=\"elementor-element elementor-element-a30fa3f elementor-widget elementor-widget-spacer\" data-id=\"a30fa3f\" data-element_type=\"widget\" data-e-type=\"widget\" data-widget_type=\"spacer.default\">\n\t\t\t\t<div class=\"elementor-widget-container\">\n\t\t\t\t\t\t\t<div class=\"elementor-spacer\">\n\t\t\t<div class=\"elementor-spacer-inner\"><\/div>\n\t\t<\/div>\n\t\t\t\t\t\t<\/div>\n\t\t\t\t<\/div>\n\t\t\t\t\t<\/div>\n\t\t<\/div>\n\t\t\t\t\t<\/div>\n\t\t<\/section>\n\t\t\t\t<section class=\"elementor-section elementor-top-section elementor-element elementor-element-ed8f90e elementor-section-boxed elementor-section-height-default elementor-section-height-default\" data-id=\"ed8f90e\" data-element_type=\"section\" data-e-type=\"section\" data-settings=\"{&quot;background_background&quot;:&quot;classic&quot;}\">\n\t\t\t\t\t\t<div class=\"elementor-container elementor-column-gap-default\">\n\t\t\t\t\t<div class=\"elementor-column elementor-col-100 elementor-top-column elementor-element elementor-element-a2f3357\" data-id=\"a2f3357\" data-element_type=\"column\" data-e-type=\"column\" data-settings=\"{&quot;background_background&quot;:&quot;classic&quot;}\">\n\t\t\t<div class=\"elementor-widget-wrap elementor-element-populated\">\n\t\t\t\t\t\t<div class=\"elementor-element elementor-element-70cbb67 elementor-widget elementor-widget-text-editor\" data-id=\"70cbb67\" data-element_type=\"widget\" data-e-type=\"widget\" data-widget_type=\"text-editor.default\">\n\t\t\t\t<div class=\"elementor-widget-container\">\n\t\t\t\t\t\t\t\t\t<p>F\u00fcr mehr Einblicke in die Kunstrestaurierung, schau auf der\u00a0<strong>Website<\/strong> von <strong>Valerie und Georg (Restaurierung Ihlenfeld &amp; M\u00fcller)<\/strong>\u00a0vorbei und folge Ihnen auf <strong>Instagram.<\/strong><u><\/u><\/p><div><div><div id=\"_com_1\" class=\"msocomtxt\"><p><!-- [if !supportAnnotations]--><\/p><\/div><p><!--[endif]--><\/p><\/div><\/div>\t\t\t\t\t\t\t\t<\/div>\n\t\t\t\t<\/div>\n\t\t\t\t<section class=\"elementor-section elementor-inner-section elementor-element elementor-element-795acf5 elementor-section-boxed elementor-section-height-default elementor-section-height-default\" data-id=\"795acf5\" data-element_type=\"section\" data-e-type=\"section\">\n\t\t\t\t\t\t<div class=\"elementor-container elementor-column-gap-default\">\n\t\t\t\t\t<div class=\"elementor-column elementor-col-50 elementor-inner-column elementor-element elementor-element-7be60ae\" data-id=\"7be60ae\" data-element_type=\"column\" data-e-type=\"column\">\n\t\t\t<div class=\"elementor-widget-wrap elementor-element-populated\">\n\t\t\t\t\t\t<div class=\"elementor-element elementor-element-a5c52b4 elementor-align-right elementor-widget elementor-widget-button\" data-id=\"a5c52b4\" data-element_type=\"widget\" data-e-type=\"widget\" data-widget_type=\"button.default\">\n\t\t\t\t<div class=\"elementor-widget-container\">\n\t\t\t\t\t\t\t\t\t<div class=\"elementor-button-wrapper\">\n\t\t\t\t\t<a class=\"elementor-button elementor-button-link elementor-size-sm\" href=\"https:\/\/www.restaurierungsatelier-hamburg.de\/index.html\">\n\t\t\t\t\t\t<span class=\"elementor-button-content-wrapper\">\n\t\t\t\t\t\t\t\t\t<span class=\"elementor-button-text\">Website<\/span>\n\t\t\t\t\t<\/span>\n\t\t\t\t\t<\/a>\n\t\t\t\t<\/div>\n\t\t\t\t\t\t\t\t<\/div>\n\t\t\t\t<\/div>\n\t\t\t\t\t<\/div>\n\t\t<\/div>\n\t\t\t\t<div class=\"elementor-column elementor-col-50 elementor-inner-column elementor-element elementor-element-293897e\" data-id=\"293897e\" data-element_type=\"column\" data-e-type=\"column\">\n\t\t\t<div class=\"elementor-widget-wrap elementor-element-populated\">\n\t\t\t\t\t\t<div class=\"elementor-element elementor-element-769e6bf elementor-align-left elementor-widget elementor-widget-button\" data-id=\"769e6bf\" data-element_type=\"widget\" data-e-type=\"widget\" data-widget_type=\"button.default\">\n\t\t\t\t<div class=\"elementor-widget-container\">\n\t\t\t\t\t\t\t\t\t<div class=\"elementor-button-wrapper\">\n\t\t\t\t\t<a class=\"elementor-button elementor-button-link elementor-size-sm\" href=\"https:\/\/www.instagram.com\/i.m.restaurierunghamburg\/?hl=de\">\n\t\t\t\t\t\t<span class=\"elementor-button-content-wrapper\">\n\t\t\t\t\t\t\t\t\t<span class=\"elementor-button-text\">Instagram<\/span>\n\t\t\t\t\t<\/span>\n\t\t\t\t\t<\/a>\n\t\t\t\t<\/div>\n\t\t\t\t\t\t\t\t<\/div>\n\t\t\t\t<\/div>\n\t\t\t\t\t<\/div>\n\t\t<\/div>\n\t\t\t\t\t<\/div>\n\t\t<\/section>\n\t\t\t\t\t<\/div>\n\t\t<\/div>\n\t\t\t\t\t<\/div>\n\t\t<\/section>\n\t\t\t\t<section class=\"elementor-section elementor-top-section elementor-element elementor-element-8037ce0 elementor-section-boxed elementor-section-height-default elementor-section-height-default\" data-id=\"8037ce0\" data-element_type=\"section\" data-e-type=\"section\">\n\t\t\t\t\t\t<div class=\"elementor-container elementor-column-gap-default\">\n\t\t\t\t\t<div class=\"elementor-column elementor-col-100 elementor-top-column elementor-element elementor-element-25a58a6\" data-id=\"25a58a6\" data-element_type=\"column\" data-e-type=\"column\">\n\t\t\t<div class=\"elementor-widget-wrap elementor-element-populated\">\n\t\t\t\t\t\t<div class=\"elementor-element elementor-element-1eb1813 elementor-widget elementor-widget-heading\" data-id=\"1eb1813\" data-element_type=\"widget\" data-e-type=\"widget\" data-widget_type=\"heading.default\">\n\t\t\t\t<div class=\"elementor-widget-container\">\n\t\t\t\t\t<p class=\"elementor-heading-title elementor-size-default\">Bildrechte Blog Post: 1 - Angela Simi; 2 - Angela Simi; 4 &amp; 5 - Valerie M\u00fcller<\/p>\t\t\t\t<\/div>\n\t\t\t\t<\/div>\n\t\t\t\t\t<\/div>\n\t\t<\/div>\n\t\t\t\t\t<\/div>\n\t\t<\/section>\n\t\t\t\t<section class=\"elementor-section elementor-top-section elementor-element elementor-element-899d3a3 elementor-section-boxed elementor-section-height-default elementor-section-height-default\" data-id=\"899d3a3\" data-element_type=\"section\" data-e-type=\"section\">\n\t\t\t\t\t\t<div class=\"elementor-container elementor-column-gap-default\">\n\t\t\t\t\t<div class=\"elementor-column elementor-col-100 elementor-top-column elementor-element elementor-element-5a89b38\" data-id=\"5a89b38\" data-element_type=\"column\" data-e-type=\"column\">\n\t\t\t<div class=\"elementor-widget-wrap elementor-element-populated\">\n\t\t\t\t\t\t<div class=\"elementor-element elementor-element-3b5e59d elementor-widget elementor-widget-heading\" data-id=\"3b5e59d\" data-element_type=\"widget\" data-e-type=\"widget\" data-widget_type=\"heading.default\">\n\t\t\t\t<div class=\"elementor-widget-container\">\n\t\t\t\t\t<h2 class=\"elementor-heading-title elementor-size-default\">Kunstwerke auf Kurato<\/h2>\t\t\t\t<\/div>\n\t\t\t\t<\/div>\n\t\t\t\t<div class=\"elementor-element elementor-element-7232e82 elementor-widget elementor-widget-spacer\" data-id=\"7232e82\" data-element_type=\"widget\" data-e-type=\"widget\" data-widget_type=\"spacer.default\">\n\t\t\t\t<div class=\"elementor-widget-container\">\n\t\t\t\t\t\t\t<div class=\"elementor-spacer\">\n\t\t\t<div class=\"elementor-spacer-inner\"><\/div>\n\t\t<\/div>\n\t\t\t\t\t\t<\/div>\n\t\t\t\t<\/div>\n\t\t\t\t<div class=\"elementor-element elementor-element-62a5945 elementor-grid-tablet-2 elementor-grid-mobile-2 elementor-grid-4 elementor-products-grid elementor-wc-products elementor-widget elementor-widget-woocommerce-products\" data-id=\"62a5945\" data-element_type=\"widget\" data-e-type=\"widget\" data-widget_type=\"woocommerce-products.default\">\n\t\t\t\t<div class=\"elementor-widget-container\">\n\t\t\t\t\t<div class=\"woocommerce columns-4 \"><ul class=\"products elementor-grid columns-4\">\n<li class=\"desktop-align-left tablet-align-left mobile-align-left product type-product post-74332 status-publish first instock product_cat-vintage-gemaelde product_cat-vintage-kunst has-post-thumbnail sold-individually shipping-taxable purchasable product-type-simple\">\n\t<div class=\"tinv-wraper woocommerce tinv-wishlist tinvwl-above_thumb-add-to-cart tinvwl-loop-button-wrapper\"\n\t data-product_id=\"74332\">\n\t<a role=\"button\" aria-label=\"Add to Wishlist\" class=\"tinvwl_add_to_wishlist_button tinvwl-icon-heart no-txt  tinvwl-position-above_thumb tinvwl-loop\" data-tinv-wl-list=\"[]\" data-tinv-wl-product=\"74332\" data-tinv-wl-productvariation=\"0\" data-tinv-wl-productvariations=\"[0]\" data-tinv-wl-producttype=\"simple\" data-tinv-wl-action=\"add\"><\/a>\t\t<div class=\"tinvwl-tooltip\">Add to Wishlist<\/div>\n<\/div>\n<a href=\"https:\/\/kurato.ch\/fr\/product\/gemaelde-e-schnell-1968\/\" class=\"woocommerce-LoopProduct-link woocommerce-loop-product__link\"><img loading=\"lazy\" decoding=\"async\" width=\"300\" height=\"300\" src=\"https:\/\/kurato.ch\/wp-content\/uploads\/2026\/04\/Gemaelde-E.-Schnell-1968-vintage-secondhand-gebraucht-schweiz-Instagram-Post-300x300.jpg\" class=\"attachment-woocommerce_thumbnail size-woocommerce_thumbnail\" alt=\"Gem\u00e4lde E. Schnell 1968\" srcset=\"https:\/\/kurato.ch\/wp-content\/uploads\/2026\/04\/Gemaelde-E.-Schnell-1968-vintage-secondhand-gebraucht-schweiz-Instagram-Post-300x300.jpg 300w, https:\/\/kurato.ch\/wp-content\/uploads\/2026\/04\/Gemaelde-E.-Schnell-1968-vintage-secondhand-gebraucht-schweiz-Instagram-Post-150x150.jpg 150w, https:\/\/kurato.ch\/wp-content\/uploads\/2026\/04\/Gemaelde-E.-Schnell-1968-vintage-secondhand-gebraucht-schweiz-Instagram-Post-768x768.jpg 768w, https:\/\/kurato.ch\/wp-content\/uploads\/2026\/04\/Gemaelde-E.-Schnell-1968-vintage-secondhand-gebraucht-schweiz-Instagram-Post-12x12.jpg 12w, https:\/\/kurato.ch\/wp-content\/uploads\/2026\/04\/Gemaelde-E.-Schnell-1968-vintage-secondhand-gebraucht-schweiz-Instagram-Post-500x500.jpg 500w, https:\/\/kurato.ch\/wp-content\/uploads\/2026\/04\/Gemaelde-E.-Schnell-1968-vintage-secondhand-gebraucht-schweiz-Instagram-Post-100x100.jpg 100w, https:\/\/kurato.ch\/wp-content\/uploads\/2026\/04\/Gemaelde-E.-Schnell-1968-vintage-secondhand-gebraucht-schweiz-Instagram-Post-64x64.jpg 64w, https:\/\/kurato.ch\/wp-content\/uploads\/2026\/04\/Gemaelde-E.-Schnell-1968-vintage-secondhand-gebraucht-schweiz-Instagram-Post.jpg 810w\" sizes=\"(max-width: 300px) 100vw, 300px\" \/><h2 class=\"woocommerce-loop-product__title\">Gem\u00e4lde E. Schnell 1968<\/h2>\n\t<span class=\"price\"><span class=\"woocommerce-Price-amount amount\"><bdi><span class=\"woocommerce-Price-currencySymbol\">&#67;&#72;&#70;<\/span>&nbsp;185.00<\/bdi><\/span><\/span>\n<div class=\"wcfmmp_sold_by_container\"><div class=\"wcfm-clearfix\"><\/div><div class=\"wcfmmp_sold_by_wrapper\"><span class=\"wcfmmp_sold_by_label\">Store:&nbsp;<\/span><img decoding=\"async\" class=\"wcfmmp_sold_by_logo\" src=\"https:\/\/kurato.ch\/wp-content\/uploads\/2021\/10\/kurato-store-logo.jpg\" \/>&nbsp;<a class=\"wcfm_dashboard_item_title\" target=\"_blank\" href=\"https:\/\/kurato.ch\/fr\/store\/kurato-690436179\">kurato-690436179<\/a><\/div><div class=\"wcfm-clearfix\"><\/div><\/div><\/a><a href=\"\/fr\/wp-json\/wp\/v2\/posts\/27735?add-to-cart=74332\" aria-describedby=\"woocommerce_loop_add_to_cart_link_describedby_74332\" data-quantity=\"1\" class=\"button product_type_simple add_to_cart_button ajax_add_to_cart\" data-product_id=\"74332\" data-product_sku=\"74332\" aria-label=\"Ajouter au panier\u00a0: &ldquo;Gem\u00e4lde E. Schnell 1968&rdquo;\" rel=\"nofollow\" data-success_message=\"\u00ab\u00a0Gem\u00e4lde E. Schnell 1968\u00a0\u00bb a \u00e9t\u00e9 ajout\u00e9 \u00e0 votre panier\" role=\"button\">Ajouter au panier<\/a>\t<span id=\"woocommerce_loop_add_to_cart_link_describedby_74332\" class=\"screen-reader-text\">\n\t\t\t<\/span>\n<\/li>\n<li class=\"desktop-align-left tablet-align-left mobile-align-left product type-product post-74081 status-publish instock product_cat-vintage-oelgemaelde has-post-thumbnail sold-individually shipping-taxable purchasable product-type-simple\">\n\t<div class=\"tinv-wraper woocommerce tinv-wishlist tinvwl-above_thumb-add-to-cart tinvwl-loop-button-wrapper\"\n\t data-product_id=\"74081\">\n\t<a role=\"button\" aria-label=\"Add to Wishlist\" class=\"tinvwl_add_to_wishlist_button tinvwl-icon-heart no-txt  tinvwl-position-above_thumb tinvwl-loop\" data-tinv-wl-list=\"[]\" data-tinv-wl-product=\"74081\" data-tinv-wl-productvariation=\"0\" data-tinv-wl-productvariations=\"[0]\" data-tinv-wl-producttype=\"simple\" data-tinv-wl-action=\"add\"><\/a>\t\t<div class=\"tinvwl-tooltip\">Add to Wishlist<\/div>\n<\/div>\n<a href=\"https:\/\/kurato.ch\/fr\/product\/abstraktes-gemaelde-signiert-schweiz-1970er\/\" class=\"woocommerce-LoopProduct-link woocommerce-loop-product__link\"><img loading=\"lazy\" decoding=\"async\" width=\"300\" height=\"300\" src=\"https:\/\/kurato.ch\/wp-content\/uploads\/2026\/04\/Abstraktes-Gemaelde-signiert-Schweiz-1970er-vintage-secondhand-gebraucht-schweiz-Instagram-Post-300x300.jpg\" class=\"attachment-woocommerce_thumbnail size-woocommerce_thumbnail\" alt=\"Abstraktes Gem\u00e4lde, signiert, Schweiz 1970er\" srcset=\"https:\/\/kurato.ch\/wp-content\/uploads\/2026\/04\/Abstraktes-Gemaelde-signiert-Schweiz-1970er-vintage-secondhand-gebraucht-schweiz-Instagram-Post-300x300.jpg 300w, https:\/\/kurato.ch\/wp-content\/uploads\/2026\/04\/Abstraktes-Gemaelde-signiert-Schweiz-1970er-vintage-secondhand-gebraucht-schweiz-Instagram-Post-150x150.jpg 150w, https:\/\/kurato.ch\/wp-content\/uploads\/2026\/04\/Abstraktes-Gemaelde-signiert-Schweiz-1970er-vintage-secondhand-gebraucht-schweiz-Instagram-Post-768x768.jpg 768w, https:\/\/kurato.ch\/wp-content\/uploads\/2026\/04\/Abstraktes-Gemaelde-signiert-Schweiz-1970er-vintage-secondhand-gebraucht-schweiz-Instagram-Post-12x12.jpg 12w, https:\/\/kurato.ch\/wp-content\/uploads\/2026\/04\/Abstraktes-Gemaelde-signiert-Schweiz-1970er-vintage-secondhand-gebraucht-schweiz-Instagram-Post-500x500.jpg 500w, https:\/\/kurato.ch\/wp-content\/uploads\/2026\/04\/Abstraktes-Gemaelde-signiert-Schweiz-1970er-vintage-secondhand-gebraucht-schweiz-Instagram-Post-100x100.jpg 100w, https:\/\/kurato.ch\/wp-content\/uploads\/2026\/04\/Abstraktes-Gemaelde-signiert-Schweiz-1970er-vintage-secondhand-gebraucht-schweiz-Instagram-Post-64x64.jpg 64w, https:\/\/kurato.ch\/wp-content\/uploads\/2026\/04\/Abstraktes-Gemaelde-signiert-Schweiz-1970er-vintage-secondhand-gebraucht-schweiz-Instagram-Post.jpg 810w\" sizes=\"(max-width: 300px) 100vw, 300px\" \/><h2 class=\"woocommerce-loop-product__title\">Abstraktes Gem\u00e4lde, signiert, Schweiz 1970er<\/h2>\n\t<span class=\"price\"><span class=\"woocommerce-Price-amount amount\"><bdi><span class=\"woocommerce-Price-currencySymbol\">&#67;&#72;&#70;<\/span>&nbsp;399.00<\/bdi><\/span><\/span>\n<div class=\"wcfmmp_sold_by_container\"><div class=\"wcfm-clearfix\"><\/div><div class=\"wcfmmp_sold_by_wrapper\"><span class=\"wcfmmp_sold_by_label\">Store:&nbsp;<\/span><img decoding=\"async\" class=\"wcfmmp_sold_by_logo\" src=\"https:\/\/kurato.ch\/wp-content\/uploads\/2024\/04\/logo.png\" \/>&nbsp;<a class=\"wcfm_dashboard_item_title\" target=\"_blank\" href=\"https:\/\/kurato.ch\/fr\/store\/kurato-324804658\">kurato-375629895<\/a><\/div><div class=\"wcfm-clearfix\"><\/div><\/div><\/a><a href=\"\/fr\/wp-json\/wp\/v2\/posts\/27735?add-to-cart=74081\" aria-describedby=\"woocommerce_loop_add_to_cart_link_describedby_74081\" data-quantity=\"1\" class=\"button product_type_simple add_to_cart_button ajax_add_to_cart\" data-product_id=\"74081\" data-product_sku=\"74081\" aria-label=\"Ajouter au panier\u00a0: &ldquo;Abstraktes Gem\u00e4lde, signiert, Schweiz 1970er&rdquo;\" rel=\"nofollow\" data-success_message=\"\u00ab\u00a0Abstraktes Gem\u00e4lde, signiert, Schweiz 1970er\u00a0\u00bb a \u00e9t\u00e9 ajout\u00e9 \u00e0 votre panier\" role=\"button\">Ajouter au panier<\/a>\t<span id=\"woocommerce_loop_add_to_cart_link_describedby_74081\" class=\"screen-reader-text\">\n\t\t\t<\/span>\n<\/li>\n<li class=\"desktop-align-left tablet-align-left mobile-align-left product type-product post-67559 status-publish instock product_cat-vintage-bilder product_cat-vintage-oelgemaelde has-post-thumbnail sold-individually shipping-taxable purchasable product-type-simple\">\n\t<div class=\"tinv-wraper woocommerce tinv-wishlist tinvwl-above_thumb-add-to-cart tinvwl-loop-button-wrapper\"\n\t data-product_id=\"67559\">\n\t<a role=\"button\" aria-label=\"Add to Wishlist\" class=\"tinvwl_add_to_wishlist_button tinvwl-icon-heart no-txt  tinvwl-position-above_thumb tinvwl-loop\" data-tinv-wl-list=\"[]\" data-tinv-wl-product=\"67559\" data-tinv-wl-productvariation=\"0\" data-tinv-wl-productvariations=\"[0]\" data-tinv-wl-producttype=\"simple\" data-tinv-wl-action=\"add\"><\/a>\t\t<div class=\"tinvwl-tooltip\">Add to Wishlist<\/div>\n<\/div>\n<a href=\"https:\/\/kurato.ch\/fr\/product\/kunst-andreas-jordi\/\" class=\"woocommerce-LoopProduct-link woocommerce-loop-product__link\"><img loading=\"lazy\" decoding=\"async\" width=\"300\" height=\"300\" src=\"https:\/\/kurato.ch\/wp-content\/uploads\/2025\/06\/Kunst-Andreas-Jordi-vintage-secondhand-gebraucht-schweiz-Instagram-Post-300x300.jpg\" class=\"attachment-woocommerce_thumbnail size-woocommerce_thumbnail\" alt=\"Kunst Andreas Jordi\" srcset=\"https:\/\/kurato.ch\/wp-content\/uploads\/2025\/06\/Kunst-Andreas-Jordi-vintage-secondhand-gebraucht-schweiz-Instagram-Post-300x300.jpg 300w, https:\/\/kurato.ch\/wp-content\/uploads\/2025\/06\/Kunst-Andreas-Jordi-vintage-secondhand-gebraucht-schweiz-Instagram-Post-150x150.jpg 150w, https:\/\/kurato.ch\/wp-content\/uploads\/2025\/06\/Kunst-Andreas-Jordi-vintage-secondhand-gebraucht-schweiz-Instagram-Post-768x768.jpg 768w, https:\/\/kurato.ch\/wp-content\/uploads\/2025\/06\/Kunst-Andreas-Jordi-vintage-secondhand-gebraucht-schweiz-Instagram-Post-12x12.jpg 12w, https:\/\/kurato.ch\/wp-content\/uploads\/2025\/06\/Kunst-Andreas-Jordi-vintage-secondhand-gebraucht-schweiz-Instagram-Post-500x500.jpg 500w, https:\/\/kurato.ch\/wp-content\/uploads\/2025\/06\/Kunst-Andreas-Jordi-vintage-secondhand-gebraucht-schweiz-Instagram-Post-100x100.jpg 100w, https:\/\/kurato.ch\/wp-content\/uploads\/2025\/06\/Kunst-Andreas-Jordi-vintage-secondhand-gebraucht-schweiz-Instagram-Post-64x64.jpg 64w, https:\/\/kurato.ch\/wp-content\/uploads\/2025\/06\/Kunst-Andreas-Jordi-vintage-secondhand-gebraucht-schweiz-Instagram-Post.jpg 810w\" sizes=\"(max-width: 300px) 100vw, 300px\" \/><h2 class=\"woocommerce-loop-product__title\">Kunst Andreas Jordi<\/h2>\n\t<span class=\"price\"><span class=\"woocommerce-Price-amount amount\"><bdi><span class=\"woocommerce-Price-currencySymbol\">&#67;&#72;&#70;<\/span>&nbsp;3500.00<\/bdi><\/span><\/span>\n<\/a><a href=\"\/fr\/wp-json\/wp\/v2\/posts\/27735?add-to-cart=67559\" aria-describedby=\"woocommerce_loop_add_to_cart_link_describedby_67559\" data-quantity=\"1\" class=\"button product_type_simple add_to_cart_button ajax_add_to_cart\" data-product_id=\"67559\" data-product_sku=\"67559\" aria-label=\"Ajouter au panier\u00a0: &ldquo;Kunst Andreas Jordi&rdquo;\" rel=\"nofollow\" data-success_message=\"\u00ab\u00a0Kunst Andreas Jordi\u00a0\u00bb a \u00e9t\u00e9 ajout\u00e9 \u00e0 votre panier\" role=\"button\">Ajouter au panier<\/a>\t<span id=\"woocommerce_loop_add_to_cart_link_describedby_67559\" class=\"screen-reader-text\">\n\t\t\t<\/span>\n<\/li>\n<li class=\"desktop-align-left tablet-align-left mobile-align-left product type-product post-63044 status-publish last instock product_cat-vintage-oelgemaelde has-post-thumbnail sold-individually shipping-taxable purchasable product-type-simple\">\n\t<div class=\"tinv-wraper woocommerce tinv-wishlist tinvwl-above_thumb-add-to-cart tinvwl-loop-button-wrapper\"\n\t data-product_id=\"63044\">\n\t<a role=\"button\" aria-label=\"Add to Wishlist\" class=\"tinvwl_add_to_wishlist_button tinvwl-icon-heart no-txt  tinvwl-position-above_thumb tinvwl-loop\" data-tinv-wl-list=\"[]\" data-tinv-wl-product=\"63044\" data-tinv-wl-productvariation=\"0\" data-tinv-wl-productvariations=\"[0]\" data-tinv-wl-producttype=\"simple\" data-tinv-wl-action=\"add\"><\/a>\t\t<div class=\"tinvwl-tooltip\">Add to Wishlist<\/div>\n<\/div>\n<a href=\"https:\/\/kurato.ch\/fr\/product\/gemaelde-bauerngarten-von-ernst-wolf\/\" class=\"woocommerce-LoopProduct-link woocommerce-loop-product__link\"><img loading=\"lazy\" decoding=\"async\" width=\"300\" height=\"300\" src=\"https:\/\/kurato.ch\/wp-content\/uploads\/2024\/10\/Gemaelde-Bauerngarten-von-Ernst-Wolf-vintage-secondhand-gebraucht-schweiz-8-300x300.jpg\" class=\"attachment-woocommerce_thumbnail size-woocommerce_thumbnail\" alt=\"Gem\u00e4lde &quot;Bauerngarten&quot; von Ernst Wolf,\" srcset=\"https:\/\/kurato.ch\/wp-content\/uploads\/2024\/10\/Gemaelde-Bauerngarten-von-Ernst-Wolf-vintage-secondhand-gebraucht-schweiz-8-300x300.jpg 300w, https:\/\/kurato.ch\/wp-content\/uploads\/2024\/10\/Gemaelde-Bauerngarten-von-Ernst-Wolf-vintage-secondhand-gebraucht-schweiz-8-150x150.jpg 150w, https:\/\/kurato.ch\/wp-content\/uploads\/2024\/10\/Gemaelde-Bauerngarten-von-Ernst-Wolf-vintage-secondhand-gebraucht-schweiz-8-768x768.jpg 768w, https:\/\/kurato.ch\/wp-content\/uploads\/2024\/10\/Gemaelde-Bauerngarten-von-Ernst-Wolf-vintage-secondhand-gebraucht-schweiz-8-12x12.jpg 12w, https:\/\/kurato.ch\/wp-content\/uploads\/2024\/10\/Gemaelde-Bauerngarten-von-Ernst-Wolf-vintage-secondhand-gebraucht-schweiz-8-500x500.jpg 500w, https:\/\/kurato.ch\/wp-content\/uploads\/2024\/10\/Gemaelde-Bauerngarten-von-Ernst-Wolf-vintage-secondhand-gebraucht-schweiz-8-100x100.jpg 100w, https:\/\/kurato.ch\/wp-content\/uploads\/2024\/10\/Gemaelde-Bauerngarten-von-Ernst-Wolf-vintage-secondhand-gebraucht-schweiz-8-64x64.jpg 64w, https:\/\/kurato.ch\/wp-content\/uploads\/2024\/10\/Gemaelde-Bauerngarten-von-Ernst-Wolf-vintage-secondhand-gebraucht-schweiz-8.jpg 800w\" sizes=\"(max-width: 300px) 100vw, 300px\" \/><h2 class=\"woocommerce-loop-product__title\">Gem\u00e4lde &#8222;Bauerngarten&#8220; von Ernst Wolf<\/h2>\n\t<span class=\"price\"><span class=\"woocommerce-Price-amount amount\"><bdi><span class=\"woocommerce-Price-currencySymbol\">&#67;&#72;&#70;<\/span>&nbsp;100.00<\/bdi><\/span><\/span>\n<div class=\"wcfmmp_sold_by_container\"><div class=\"wcfm-clearfix\"><\/div><div class=\"wcfmmp_sold_by_wrapper\"><span class=\"wcfmmp_sold_by_label\">Store:&nbsp;<\/span><img decoding=\"async\" class=\"wcfmmp_sold_by_logo\" src=\"https:\/\/kurato.ch\/wp-content\/uploads\/2021\/10\/kurato-store-logo.jpg\" \/>&nbsp;<a class=\"wcfm_dashboard_item_title\" target=\"_blank\" href=\"https:\/\/kurato.ch\/fr\/store\/kurato-1052487322\">kurato-1052487322<\/a><\/div><div class=\"wcfm-clearfix\"><\/div><\/div><\/a><a href=\"\/fr\/wp-json\/wp\/v2\/posts\/27735?add-to-cart=63044\" aria-describedby=\"woocommerce_loop_add_to_cart_link_describedby_63044\" data-quantity=\"1\" class=\"button product_type_simple add_to_cart_button ajax_add_to_cart\" data-product_id=\"63044\" data-product_sku=\"63044\" aria-label=\"Ajouter au panier\u00a0: &ldquo;Gem\u00e4lde &quot;Bauerngarten&quot; von Ernst Wolf&rdquo;\" rel=\"nofollow\" data-success_message=\"\u00ab\u00a0Gem\u00e4lde &quot;Bauerngarten&quot; von Ernst Wolf\u00a0\u00bb a \u00e9t\u00e9 ajout\u00e9 \u00e0 votre panier\" role=\"button\">Ajouter au panier<\/a>\t<span id=\"woocommerce_loop_add_to_cart_link_describedby_63044\" class=\"screen-reader-text\">\n\t\t\t<\/span>\n<\/li>\n<\/ul>\n<\/div>\t\t\t\t<\/div>\n\t\t\t\t<\/div>\n\t\t\t\t<div class=\"elementor-element elementor-element-08529be elementor-widget elementor-widget-spacer\" data-id=\"08529be\" data-element_type=\"widget\" data-e-type=\"widget\" data-widget_type=\"spacer.default\">\n\t\t\t\t<div class=\"elementor-widget-container\">\n\t\t\t\t\t\t\t<div class=\"elementor-spacer\">\n\t\t\t<div class=\"elementor-spacer-inner\"><\/div>\n\t\t<\/div>\n\t\t\t\t\t\t<\/div>\n\t\t\t\t<\/div>\n\t\t\t\t\t<\/div>\n\t\t<\/div>\n\t\t\t\t\t<\/div>\n\t\t<\/section>\n\t\t\t\t<section class=\"elementor-section elementor-top-section elementor-element elementor-element-624295f elementor-section-boxed elementor-section-height-default elementor-section-height-default\" data-id=\"624295f\" data-element_type=\"section\" data-e-type=\"section\">\n\t\t\t\t\t\t<div class=\"elementor-container elementor-column-gap-default\">\n\t\t\t\t\t<div class=\"elementor-column elementor-col-100 elementor-top-column elementor-element elementor-element-1cfaa37\" data-id=\"1cfaa37\" data-element_type=\"column\" data-e-type=\"column\">\n\t\t\t<div class=\"elementor-widget-wrap elementor-element-populated\">\n\t\t\t\t\t\t<div class=\"elementor-element elementor-element-5474745 elementor-widget elementor-widget-author-box\" data-id=\"5474745\" data-element_type=\"widget\" data-e-type=\"widget\" data-widget_type=\"author-box.default\">\n\t\t\t\t<div class=\"elementor-widget-container\">\n\t\t\t\t\t\t\t<div class=\"elementor-author-box\">\n\t\t\t\t\t\t\t<div  class=\"elementor-author-box__avatar\">\n\t\t\t\t\t<img decoding=\"async\" src=\"https:\/\/kurato.ch\/wp-content\/uploads\/2021\/11\/06D6E060-0CBE-4487-A0CA-27F64FAE3851.jpg\" alt=\"Picture of Verfasst von Aim\u00e9e\" loading=\"lazy\">\n\t\t\t\t<\/div>\n\t\t\t\n\t\t\t<div class=\"elementor-author-box__text\">\n\t\t\t\t\t\t\t\t\t<div >\n\t\t\t\t\t\t<h4 class=\"elementor-author-box__name\">\n\t\t\t\t\t\t\tVerfasst von Aim\u00e9e\t\t\t\t\t\t<\/h4>\n\t\t\t\t\t<\/div>\n\t\t\t\t\n\t\t\t\t\t\t\t\t\t<div class=\"elementor-author-box__bio\">\n\t\t\t\t\t\t<p>Manchmal werde ich gefragt, was ich so richtig gut kann. Meine Antwort: aus nichts etwas machen. So ist auch meine Leidenschaft f\u00fcr Secondhand M\u00f6bel & Dekoration entstanden. Was andere wegwarfen, dem gab ich in meiner Wohnung eine neue Wertigkeit. Damit machte ich das Sch\u00f6ne auch f\u00fcr andere sichtbar. Im Februar 2020 gr\u00fcndete ich Kurato mit dem Wunsch, meine Leidenschaft an andere weiterzugeben und einen hochwertigen sowie nachhaltigen Beitrag in der Interior Branche zu leisten.<\/p>\n\t\t\t\t\t<\/div>\n\t\t\t\t\n\t\t\t\t\t\t\t<\/div>\n\t\t<\/div>\n\t\t\t\t\t\t<\/div>\n\t\t\t\t<\/div>\n\t\t\t\t\t<\/div>\n\t\t<\/div>\n\t\t\t\t\t<\/div>\n\t\t<\/section>\n\t\t\t\t<\/div>\n\t\t","protected":false},"excerpt":{"rendered":"<p>Die 31-j\u00e4hrige Wahl-Hamburgerin hat gemeinsam mit Ihrem Partner 2019 eine alte Hamburger Restaurierungswerkstatt f\u00fcr Kunst \u00fcbernommen. Valerie gew\u00e4hrt uns Einblicke in ihren Berufsalltag und gibt wertvolle Tipps f\u00fcr alle, die gerne Kunst kaufen m\u00f6chten oder bereits sammeln. Sie \u00f6ffnet uns die T\u00fcren zu Ihrer traumhaften Altbauwohnung im Herzen Hamburgs &#8211; und wie nicht anders zu [&hellip;]<\/p>\n","protected":false},"author":1,"featured_media":23414,"comment_status":"open","ping_status":"open","sticky":false,"template":"","format":"standard","meta":{"_acf_changed":false,"site-sidebar-layout":"default","site-content-layout":"default","ast-site-content-layout":"default","site-content-style":"default","site-sidebar-style":"default","ast-global-header-display":"","ast-banner-title-visibility":"","ast-main-header-display":"","ast-hfb-above-header-display":"","ast-hfb-below-header-display":"","ast-hfb-mobile-header-display":"","site-post-title":"","ast-breadcrumbs-content":"","ast-featured-img":"","footer-sml-layout":"","ast-disable-related-posts":"","theme-transparent-header-meta":"default","adv-header-id-meta":"","stick-header-meta":"default","header-above-stick-meta":"","header-main-stick-meta":"","header-below-stick-meta":"","astra-migrate-meta-layouts":"default","ast-page-background-enabled":"default","ast-page-background-meta":{"desktop":{"background-color":"","background-image":"","background-repeat":"repeat","background-position":"center center","background-size":"auto","background-attachment":"scroll","background-type":"","background-media":"","overlay-type":"","overlay-color":"","overlay-opacity":"","overlay-gradient":""},"tablet":{"background-color":"","background-image":"","background-repeat":"repeat","background-position":"center center","background-size":"auto","background-attachment":"scroll","background-type":"","background-media":"","overlay-type":"","overlay-color":"","overlay-opacity":"","overlay-gradient":""},"mobile":{"background-color":"","background-image":"","background-repeat":"repeat","background-position":"center center","background-size":"auto","background-attachment":"scroll","background-type":"","background-media":"","overlay-type":"","overlay-color":"","overlay-opacity":"","overlay-gradient":""}},"ast-content-background-meta":{"desktop":{"background-color":"var(--ast-global-color-5)","background-image":"","background-repeat":"repeat","background-position":"center center","background-size":"auto","background-attachment":"scroll","background-type":"","background-media":"","overlay-type":"","overlay-color":"","overlay-opacity":"","overlay-gradient":""},"tablet":{"background-color":"var(--ast-global-color-5)","background-image":"","background-repeat":"repeat","background-position":"center center","background-size":"auto","background-attachment":"scroll","background-type":"","background-media":"","overlay-type":"","overlay-color":"","overlay-opacity":"","overlay-gradient":""},"mobile":{"background-color":"var(--ast-global-color-5)","background-image":"","background-repeat":"repeat","background-position":"center center","background-size":"auto","background-attachment":"scroll","background-type":"","background-media":"","overlay-type":"","overlay-color":"","overlay-opacity":"","overlay-gradient":""}},"footnotes":""},"categories":[565],"tags":[],"class_list":["post-27735","post","type-post","status-publish","format-standard","has-post-thumbnail","hentry","category-expertentipps"],"acf":[],"yoast_head":"<!-- This site is optimized with the Yoast SEO plugin v27.5 - https:\/\/yoast.com\/product\/yoast-seo-wordpress\/ -->\n<title>Interior Blog - Tipps von Kunstrestauratorin Valerie M\u00fcller | Kurato.ch<\/title>\n<meta name=\"description\" content=\"Mit uns spricht die 31-J\u00e4hrige Diplomrestauratorin Valeri \u00fcber ihren Alltag und teilt ihre Tipps beim Kaufen und Pflegen von Kunst.\" \/>\n<meta name=\"robots\" content=\"index, follow, max-snippet:-1, max-image-preview:large, max-video-preview:-1\" \/>\n<link rel=\"canonical\" href=\"https:\/\/kurato.ch\/fr\/kunstrestauratorin-valerie-mueller\/\" \/>\n<meta property=\"og:locale\" content=\"fr_FR\" \/>\n<meta property=\"og:type\" content=\"article\" \/>\n<meta property=\"og:title\" content=\"Interior Blog - Tipps von Kunstrestauratorin Valerie M\u00fcller | Kurato.ch\" \/>\n<meta property=\"og:description\" content=\"Mit uns spricht die 31-J\u00e4hrige Diplomrestauratorin Valeri \u00fcber ihren Alltag und teilt ihre Tipps beim Kaufen und Pflegen von Kunst.\" \/>\n<meta property=\"og:url\" content=\"https:\/\/kurato.ch\/fr\/kunstrestauratorin-valerie-mueller\/\" \/>\n<meta property=\"og:site_name\" content=\"Vintage M\u00f6bel &amp; Dekoration I Kurato\" \/>\n<meta property=\"article:publisher\" content=\"https:\/\/www.facebook.com\/kuratoswitzerland\" \/>\n<meta property=\"article:published_time\" content=\"2021-09-13T17:15:34+00:00\" \/>\n<meta property=\"article:modified_time\" content=\"2022-06-26T12:15:06+00:00\" \/>\n<meta property=\"og:image\" content=\"https:\/\/kurato.ch\/wp-content\/uploads\/2021\/09\/valerie-mueller-kunst-restauration.jpeg\" \/>\n\t<meta property=\"og:image:width\" content=\"800\" \/>\n\t<meta property=\"og:image:height\" content=\"1120\" \/>\n\t<meta property=\"og:image:type\" content=\"image\/jpeg\" \/>\n<meta name=\"author\" content=\"kurato\" \/>\n<meta name=\"twitter:label1\" content=\"\u00c9crit par\" \/>\n\t<meta name=\"twitter:data1\" content=\"kurato\" \/>\n\t<meta name=\"twitter:label2\" content=\"Dur\u00e9e de lecture estim\u00e9e\" \/>\n\t<meta name=\"twitter:data2\" content=\"7 minutes\" \/>\n<script type=\"application\/ld+json\" class=\"yoast-schema-graph\">{\"@context\":\"https:\\\/\\\/schema.org\",\"@graph\":[{\"@type\":\"Article\",\"@id\":\"https:\\\/\\\/kurato.ch\\\/kunstrestauratorin-valerie-mueller\\\/#article\",\"isPartOf\":{\"@id\":\"https:\\\/\\\/kurato.ch\\\/kunstrestauratorin-valerie-mueller\\\/\"},\"author\":{\"name\":\"kurato\",\"@id\":\"https:\\\/\\\/kurato.ch\\\/#\\\/schema\\\/person\\\/8d4b46289a83b540db0ad7e581c73c09\"},\"headline\":\"Kunstrestauratorin Valerie M\u00fcller\",\"datePublished\":\"2021-09-13T17:15:34+00:00\",\"dateModified\":\"2022-06-26T12:15:06+00:00\",\"mainEntityOfPage\":{\"@id\":\"https:\\\/\\\/kurato.ch\\\/kunstrestauratorin-valerie-mueller\\\/\"},\"wordCount\":719,\"commentCount\":2,\"publisher\":{\"@id\":\"https:\\\/\\\/kurato.ch\\\/#organization\"},\"image\":{\"@id\":\"https:\\\/\\\/kurato.ch\\\/kunstrestauratorin-valerie-mueller\\\/#primaryimage\"},\"thumbnailUrl\":\"https:\\\/\\\/kurato.ch\\\/wp-content\\\/uploads\\\/2021\\\/09\\\/valerie-mueller-kunst-restauration.jpeg\",\"articleSection\":[\"EXPERTENTIPPS - VON\"],\"inLanguage\":\"fr-FR\",\"potentialAction\":[{\"@type\":\"CommentAction\",\"name\":\"Comment\",\"target\":[\"https:\\\/\\\/kurato.ch\\\/kunstrestauratorin-valerie-mueller\\\/#respond\"]}]},{\"@type\":\"WebPage\",\"@id\":\"https:\\\/\\\/kurato.ch\\\/kunstrestauratorin-valerie-mueller\\\/\",\"url\":\"https:\\\/\\\/kurato.ch\\\/kunstrestauratorin-valerie-mueller\\\/\",\"name\":\"Interior Blog - Tipps von Kunstrestauratorin Valerie M\u00fcller | Kurato.ch\",\"isPartOf\":{\"@id\":\"https:\\\/\\\/kurato.ch\\\/#website\"},\"primaryImageOfPage\":{\"@id\":\"https:\\\/\\\/kurato.ch\\\/kunstrestauratorin-valerie-mueller\\\/#primaryimage\"},\"image\":{\"@id\":\"https:\\\/\\\/kurato.ch\\\/kunstrestauratorin-valerie-mueller\\\/#primaryimage\"},\"thumbnailUrl\":\"https:\\\/\\\/kurato.ch\\\/wp-content\\\/uploads\\\/2021\\\/09\\\/valerie-mueller-kunst-restauration.jpeg\",\"datePublished\":\"2021-09-13T17:15:34+00:00\",\"dateModified\":\"2022-06-26T12:15:06+00:00\",\"description\":\"Mit uns spricht die 31-J\u00e4hrige Diplomrestauratorin Valeri \u00fcber ihren Alltag und teilt ihre Tipps beim Kaufen und Pflegen von Kunst.\",\"breadcrumb\":{\"@id\":\"https:\\\/\\\/kurato.ch\\\/kunstrestauratorin-valerie-mueller\\\/#breadcrumb\"},\"inLanguage\":\"fr-FR\",\"potentialAction\":[{\"@type\":\"ReadAction\",\"target\":[\"https:\\\/\\\/kurato.ch\\\/kunstrestauratorin-valerie-mueller\\\/\"]}]},{\"@type\":\"ImageObject\",\"inLanguage\":\"fr-FR\",\"@id\":\"https:\\\/\\\/kurato.ch\\\/kunstrestauratorin-valerie-mueller\\\/#primaryimage\",\"url\":\"https:\\\/\\\/kurato.ch\\\/wp-content\\\/uploads\\\/2021\\\/09\\\/valerie-mueller-kunst-restauration.jpeg\",\"contentUrl\":\"https:\\\/\\\/kurato.ch\\\/wp-content\\\/uploads\\\/2021\\\/09\\\/valerie-mueller-kunst-restauration.jpeg\",\"width\":800,\"height\":1120,\"caption\":\"valerie-mueller-kunst-restauration\"},{\"@type\":\"BreadcrumbList\",\"@id\":\"https:\\\/\\\/kurato.ch\\\/kunstrestauratorin-valerie-mueller\\\/#breadcrumb\",\"itemListElement\":[{\"@type\":\"ListItem\",\"position\":1,\"name\":\"Home\",\"item\":\"https:\\\/\\\/kurato.ch\\\/\"},{\"@type\":\"ListItem\",\"position\":2,\"name\":\"Kunstrestauratorin Valerie M\u00fcller\"}]},{\"@type\":\"WebSite\",\"@id\":\"https:\\\/\\\/kurato.ch\\\/#website\",\"url\":\"https:\\\/\\\/kurato.ch\\\/\",\"name\":\"Vintage M\u00f6bel &amp; Dekoration I Kurato\",\"description\":\"Vintage M\u00f6bel &amp; Dekoration I Kurato\",\"publisher\":{\"@id\":\"https:\\\/\\\/kurato.ch\\\/#organization\"},\"potentialAction\":[{\"@type\":\"SearchAction\",\"target\":{\"@type\":\"EntryPoint\",\"urlTemplate\":\"https:\\\/\\\/kurato.ch\\\/?s={search_term_string}\"},\"query-input\":{\"@type\":\"PropertyValueSpecification\",\"valueRequired\":true,\"valueName\":\"search_term_string\"}}],\"inLanguage\":\"fr-FR\"},{\"@type\":\"Organization\",\"@id\":\"https:\\\/\\\/kurato.ch\\\/#organization\",\"name\":\"Kurato.\",\"url\":\"https:\\\/\\\/kurato.ch\\\/\",\"logo\":{\"@type\":\"ImageObject\",\"inLanguage\":\"fr-FR\",\"@id\":\"https:\\\/\\\/kurato.ch\\\/#\\\/schema\\\/logo\\\/image\\\/\",\"url\":\"\",\"contentUrl\":\"\",\"caption\":\"Kurato.\"},\"image\":{\"@id\":\"https:\\\/\\\/kurato.ch\\\/#\\\/schema\\\/logo\\\/image\\\/\"},\"sameAs\":[\"https:\\\/\\\/www.facebook.com\\\/kuratoswitzerland\",\"https:\\\/\\\/www.instagram.com\\\/kurato.ch\\\/\",\"https:\\\/\\\/www.pinterest.ch\\\/kurato_ch\\\/_created\\\/\"]},{\"@type\":\"Person\",\"@id\":\"https:\\\/\\\/kurato.ch\\\/#\\\/schema\\\/person\\\/8d4b46289a83b540db0ad7e581c73c09\",\"name\":\"kurato\",\"image\":{\"@type\":\"ImageObject\",\"inLanguage\":\"fr-FR\",\"@id\":\"https:\\\/\\\/kurato.ch\\\/wp-content\\\/litespeed\\\/avatar\\\/655a5d6cfe550f877e040da0cf3078ba.jpg?ver=1777716019\",\"url\":\"https:\\\/\\\/kurato.ch\\\/wp-content\\\/litespeed\\\/avatar\\\/655a5d6cfe550f877e040da0cf3078ba.jpg?ver=1777716019\",\"contentUrl\":\"https:\\\/\\\/kurato.ch\\\/wp-content\\\/litespeed\\\/avatar\\\/655a5d6cfe550f877e040da0cf3078ba.jpg?ver=1777716019\",\"caption\":\"kurato\"},\"sameAs\":[\"kurato\"],\"url\":\"https:\\\/\\\/kurato.ch\\\/fr\\\/author\\\/kurato\\\/\"}]}<\/script>\n<!-- \/ Yoast SEO plugin. -->","yoast_head_json":{"title":"Interior Blog - Tipps von Kunstrestauratorin Valerie M\u00fcller | Kurato.ch","description":"Mit uns spricht die 31-J\u00e4hrige Diplomrestauratorin Valeri \u00fcber ihren Alltag und teilt ihre Tipps beim Kaufen und Pflegen von Kunst.","robots":{"index":"index","follow":"follow","max-snippet":"max-snippet:-1","max-image-preview":"max-image-preview:large","max-video-preview":"max-video-preview:-1"},"canonical":"https:\/\/kurato.ch\/fr\/kunstrestauratorin-valerie-mueller\/","og_locale":"fr_FR","og_type":"article","og_title":"Interior Blog - Tipps von Kunstrestauratorin Valerie M\u00fcller | Kurato.ch","og_description":"Mit uns spricht die 31-J\u00e4hrige Diplomrestauratorin Valeri \u00fcber ihren Alltag und teilt ihre Tipps beim Kaufen und Pflegen von Kunst.","og_url":"https:\/\/kurato.ch\/fr\/kunstrestauratorin-valerie-mueller\/","og_site_name":"Vintage M\u00f6bel &amp; Dekoration I Kurato","article_publisher":"https:\/\/www.facebook.com\/kuratoswitzerland","article_published_time":"2021-09-13T17:15:34+00:00","article_modified_time":"2022-06-26T12:15:06+00:00","og_image":[{"width":800,"height":1120,"url":"https:\/\/kurato.ch\/wp-content\/uploads\/2021\/09\/valerie-mueller-kunst-restauration.jpeg","type":"image\/jpeg"}],"author":"kurato","twitter_misc":{"\u00c9crit par":"kurato","Dur\u00e9e de lecture estim\u00e9e":"7 minutes"},"schema":{"@context":"https:\/\/schema.org","@graph":[{"@type":"Article","@id":"https:\/\/kurato.ch\/kunstrestauratorin-valerie-mueller\/#article","isPartOf":{"@id":"https:\/\/kurato.ch\/kunstrestauratorin-valerie-mueller\/"},"author":{"name":"kurato","@id":"https:\/\/kurato.ch\/#\/schema\/person\/8d4b46289a83b540db0ad7e581c73c09"},"headline":"Kunstrestauratorin Valerie M\u00fcller","datePublished":"2021-09-13T17:15:34+00:00","dateModified":"2022-06-26T12:15:06+00:00","mainEntityOfPage":{"@id":"https:\/\/kurato.ch\/kunstrestauratorin-valerie-mueller\/"},"wordCount":719,"commentCount":2,"publisher":{"@id":"https:\/\/kurato.ch\/#organization"},"image":{"@id":"https:\/\/kurato.ch\/kunstrestauratorin-valerie-mueller\/#primaryimage"},"thumbnailUrl":"https:\/\/kurato.ch\/wp-content\/uploads\/2021\/09\/valerie-mueller-kunst-restauration.jpeg","articleSection":["EXPERTENTIPPS - VON"],"inLanguage":"fr-FR","potentialAction":[{"@type":"CommentAction","name":"Comment","target":["https:\/\/kurato.ch\/kunstrestauratorin-valerie-mueller\/#respond"]}]},{"@type":"WebPage","@id":"https:\/\/kurato.ch\/kunstrestauratorin-valerie-mueller\/","url":"https:\/\/kurato.ch\/kunstrestauratorin-valerie-mueller\/","name":"Interior Blog - Tipps von Kunstrestauratorin Valerie M\u00fcller | Kurato.ch","isPartOf":{"@id":"https:\/\/kurato.ch\/#website"},"primaryImageOfPage":{"@id":"https:\/\/kurato.ch\/kunstrestauratorin-valerie-mueller\/#primaryimage"},"image":{"@id":"https:\/\/kurato.ch\/kunstrestauratorin-valerie-mueller\/#primaryimage"},"thumbnailUrl":"https:\/\/kurato.ch\/wp-content\/uploads\/2021\/09\/valerie-mueller-kunst-restauration.jpeg","datePublished":"2021-09-13T17:15:34+00:00","dateModified":"2022-06-26T12:15:06+00:00","description":"Mit uns spricht die 31-J\u00e4hrige Diplomrestauratorin Valeri \u00fcber ihren Alltag und teilt ihre Tipps beim Kaufen und Pflegen von Kunst.","breadcrumb":{"@id":"https:\/\/kurato.ch\/kunstrestauratorin-valerie-mueller\/#breadcrumb"},"inLanguage":"fr-FR","potentialAction":[{"@type":"ReadAction","target":["https:\/\/kurato.ch\/kunstrestauratorin-valerie-mueller\/"]}]},{"@type":"ImageObject","inLanguage":"fr-FR","@id":"https:\/\/kurato.ch\/kunstrestauratorin-valerie-mueller\/#primaryimage","url":"https:\/\/kurato.ch\/wp-content\/uploads\/2021\/09\/valerie-mueller-kunst-restauration.jpeg","contentUrl":"https:\/\/kurato.ch\/wp-content\/uploads\/2021\/09\/valerie-mueller-kunst-restauration.jpeg","width":800,"height":1120,"caption":"valerie-mueller-kunst-restauration"},{"@type":"BreadcrumbList","@id":"https:\/\/kurato.ch\/kunstrestauratorin-valerie-mueller\/#breadcrumb","itemListElement":[{"@type":"ListItem","position":1,"name":"Home","item":"https:\/\/kurato.ch\/"},{"@type":"ListItem","position":2,"name":"Kunstrestauratorin Valerie M\u00fcller"}]},{"@type":"WebSite","@id":"https:\/\/kurato.ch\/#website","url":"https:\/\/kurato.ch\/","name":"Meubles vintage &amp; d\u00e9coration I Kurato","description":"Meubles vintage &amp; d\u00e9coration I Kurato","publisher":{"@id":"https:\/\/kurato.ch\/#organization"},"potentialAction":[{"@type":"SearchAction","target":{"@type":"EntryPoint","urlTemplate":"https:\/\/kurato.ch\/?s={search_term_string}"},"query-input":{"@type":"PropertyValueSpecification","valueRequired":true,"valueName":"search_term_string"}}],"inLanguage":"fr-FR"},{"@type":"Organization","@id":"https:\/\/kurato.ch\/#organization","name":"Kurato.","url":"https:\/\/kurato.ch\/","logo":{"@type":"ImageObject","inLanguage":"fr-FR","@id":"https:\/\/kurato.ch\/#\/schema\/logo\/image\/","url":"","contentUrl":"","caption":"Kurato."},"image":{"@id":"https:\/\/kurato.ch\/#\/schema\/logo\/image\/"},"sameAs":["https:\/\/www.facebook.com\/kuratoswitzerland","https:\/\/www.instagram.com\/kurato.ch\/","https:\/\/www.pinterest.ch\/kurato_ch\/_created\/"]},{"@type":"Person","@id":"https:\/\/kurato.ch\/#\/schema\/person\/8d4b46289a83b540db0ad7e581c73c09","name":"kurato","image":{"@type":"ImageObject","inLanguage":"fr-FR","@id":"https:\/\/kurato.ch\/wp-content\/litespeed\/avatar\/655a5d6cfe550f877e040da0cf3078ba.jpg?ver=1777716019","url":"https:\/\/kurato.ch\/wp-content\/litespeed\/avatar\/655a5d6cfe550f877e040da0cf3078ba.jpg?ver=1777716019","contentUrl":"https:\/\/kurato.ch\/wp-content\/litespeed\/avatar\/655a5d6cfe550f877e040da0cf3078ba.jpg?ver=1777716019","caption":"kurato"},"sameAs":["kurato"],"url":"https:\/\/kurato.ch\/fr\/author\/kurato\/"}]}},"_links":{"self":[{"href":"https:\/\/kurato.ch\/fr\/wp-json\/wp\/v2\/posts\/27735","targetHints":{"allow":["GET"]}}],"collection":[{"href":"https:\/\/kurato.ch\/fr\/wp-json\/wp\/v2\/posts"}],"about":[{"href":"https:\/\/kurato.ch\/fr\/wp-json\/wp\/v2\/types\/post"}],"author":[{"embeddable":true,"href":"https:\/\/kurato.ch\/fr\/wp-json\/wp\/v2\/users\/1"}],"replies":[{"embeddable":true,"href":"https:\/\/kurato.ch\/fr\/wp-json\/wp\/v2\/comments?post=27735"}],"version-history":[{"count":26,"href":"https:\/\/kurato.ch\/fr\/wp-json\/wp\/v2\/posts\/27735\/revisions"}],"predecessor-version":[{"id":33119,"href":"https:\/\/kurato.ch\/fr\/wp-json\/wp\/v2\/posts\/27735\/revisions\/33119"}],"wp:featuredmedia":[{"embeddable":true,"href":"https:\/\/kurato.ch\/fr\/wp-json\/wp\/v2\/media\/23414"}],"wp:attachment":[{"href":"https:\/\/kurato.ch\/fr\/wp-json\/wp\/v2\/media?parent=27735"}],"wp:term":[{"taxonomy":"category","embeddable":true,"href":"https:\/\/kurato.ch\/fr\/wp-json\/wp\/v2\/categories?post=27735"},{"taxonomy":"post_tag","embeddable":true,"href":"https:\/\/kurato.ch\/fr\/wp-json\/wp\/v2\/tags?post=27735"}],"curies":[{"name":"wp","href":"https:\/\/api.w.org\/{rel}","templated":true}]}}